{"id":1702,"date":"2024-10-06T16:17:54","date_gmt":"2024-10-06T14:17:54","guid":{"rendered":"https:\/\/hausderfamilie.org\/?p=1702"},"modified":"2024-10-06T16:17:54","modified_gmt":"2024-10-06T14:17:54","slug":"schneidern-fuer-anfaenger-und-profis","status":"publish","type":"post","link":"https:\/\/hausderfamilie.org\/index.php\/2024\/10\/06\/schneidern-fuer-anfaenger-und-profis\/","title":{"rendered":"Schneidern f\u00fcr Anf\u00e4nger und Profis"},"content":{"rendered":"<p>Schneidern f\u00fcr Anf\u00e4nger und Profis<\/p>\n<ul>\n<li>eigene N\u00e4hprojekte<\/li>\n<li>individuelle Anleitung und Unterst\u00fctzung<\/li>\n<li>nette Geselschaft<\/li>\n<li>neue Ideen<\/li>\n<\/ul>\n<p>Kosten: 23.-\u20ac pro Termin<\/p>\n<p>Kontakt: Ina Wielenski (ina.wielenksi[at]gmx.de<\/p>\n<p><strong>N\u00e4chste Termine:<br \/>\n<\/strong><\/p>\n<p>Samstag, 16. November 2024<br \/>\nSamstag, 7. Dezember 2024<\/p>\n<p>jeweils von 10:00 bis 13:00 Uhr<\/p>\n","protected":false},"excerpt":{"rendered":"<p>Schneidern f\u00fcr Anf\u00e4nger und Profis eigene N\u00e4hprojekte individuelle Anleitung und Unterst\u00fctzung nette Geselschaft neue Ideen Kosten: 23.-\u20ac pro Termin Kontakt: Ina Wielenski (ina.wielenksi[at]gmx.de N\u00e4chste Termine: Samstag, 16. November 2024 Samstag, 7. Dezember 2024 jeweils von 10:00 bis 13:00 Uhr<\/p>\n","protected":false},"author":2,"featured_media":1703,"comment_status":"closed","ping_status":"closed","sticky":false,"template":"","format":"standard","meta":{"_jetpack_memberships_contains_paid_content":false,"footnotes":""},"categories":[5],"tags":[],"class_list":["post-1702","post","type-post","status-publish","format-standard","has-post-thumbnail","hentry","category-aktuell","with-featured-image"],"jetpack_featured_media_url":"https:\/\/i0.wp.com\/hausderfamilie.org\/wp-content\/uploads\/2024\/10\/Schneidern-2.-Jahreshaelfte-2024-e1728224336118.png?fit=1586%2C864&ssl=1","jetpack_sharing_enabled":true,"_links":{"self":[{"href":"https:\/\/hausderfamilie.org\/index.php\/wp-json\/wp\/v2\/posts\/1702","targetHints":{"allow":["GET"]}}],"collection":[{"href":"https:\/\/hausderfamilie.org\/index.php\/wp-json\/wp\/v2\/posts"}],"about":[{"href":"https:\/\/hausderfamilie.org\/index.php\/wp-json\/wp\/v2\/types\/post"}],"author":[{"embeddable":true,"href":"https:\/\/hausderfamilie.org\/index.php\/wp-json\/wp\/v2\/users\/2"}],"replies":[{"embeddable":true,"href":"https:\/\/hausderfamilie.org\/index.php\/wp-json\/wp\/v2\/comments?post=1702"}],"version-history":[{"count":1,"href":"https:\/\/hausderfamilie.org\/index.php\/wp-json\/wp\/v2\/posts\/1702\/revisions"}],"predecessor-version":[{"id":1704,"href":"https:\/\/hausderfamilie.org\/index.php\/wp-json\/wp\/v2\/posts\/1702\/revisions\/1704"}],"wp:featuredmedia":[{"embeddable":true,"href":"https:\/\/hausderfamilie.org\/index.php\/wp-json\/wp\/v2\/media\/1703"}],"wp:attachment":[{"href":"https:\/\/hausderfamilie.org\/index.php\/wp-json\/wp\/v2\/media?parent=1702"}],"wp:term":[{"taxonomy":"category","embeddable":true,"href":"https:\/\/hausderfamilie.org\/index.php\/wp-json\/wp\/v2\/categories?post=1702"},{"taxonomy":"post_tag","embeddable":true,"href":"https:\/\/hausderfamilie.org\/index.php\/wp-json\/wp\/v2\/tags?post=1702"}],"curies":[{"name":"wp","href":"https:\/\/api.w.org\/{rel}","templated":true}]}}